{"id":444,"date":"2023-02-26T13:43:16","date_gmt":"2023-02-26T13:43:16","guid":{"rendered":"https:\/\/learneurope.eu\/?p=444"},"modified":"2025-09-09T15:52:01","modified_gmt":"2025-09-09T15:52:01","slug":"european-neighbourhood-policy","status":"publish","type":"post","link":"https:\/\/learneurope.eu\/es\/politica-europea-de-vecindad\/","title":{"rendered":"Pol\u00edtica Europea de Vecindad"},"content":{"rendered":"<p>[et_pb_section fb_built=&#8221;1&#8243; _builder_version=&#8221;4.19.5&#8243; _module_preset=&#8221;default&#8221; global_colors_info=&#8221;{}&#8221;][et_pb_row use_custom_gutter=&#8221;on&#8221; gutter_width=&#8221;1&#8243; make_equal=&#8221;on&#8221; padding_top_bottom_link_1=&#8221;true&#8221; padding_top_bottom_link_2=&#8221;false&#8221; padding_left_right_link_1=&#8221;true&#8221; _builder_version=&#8221;4.19.5&#8243; background_enable_color=&#8221;off&#8221; custom_margin=&#8221;||0px&#8221; custom_padding=&#8221;0|0px|0|0px|false|false&#8221; custom_width_px__hover=&#8221;1080px&#8221; custom_width_px__hover_enabled=&#8221;1080px&#8221; custom_width_percent__hover=&#8221;80%&#8221; custom_width_percent__hover_enabled=&#8221;80%&#8221; global_colors_info=&#8221;{}&#8221; make_fullwidth__hover=&#8221;off&#8221; make_fullwidth__hover_enabled=&#8221;off&#8221; use_custom_width__hover=&#8221;off&#8221; use_custom_width__hover_enabled=&#8221;off&#8221; width_unit__hover=&#8221;on&#8221; width_unit__hover_enabled=&#8221;on&#8221; use_custom_gutter__hover=&#8221;off&#8221; use_custom_gutter__hover_enabled=&#8221;off&#8221; gutter_width__hover=&#8221;3&#8243; gutter_width__hover_enabled=&#8221;3&#8243; make_equal__hover=&#8221;off&#8221; make_equal__hover_enabled=&#8221;off&#8221;][et_pb_column type=&#8221;4_4&#8243; _builder_version=&#8221;4.19.5&#8243; use_background_color_gradient=&#8221;on&#8221; background_color_gradient_stops=&#8221;rgba(42,46,64,0.71) 0%|rgba(42,46,64,0) 100%&#8221; background_color_gradient_overlays_image=&#8221;on&#8221; background_color_gradient_start=&#8221;rgba(42,46,64,0.71)&#8221; background_color_gradient_end=&#8221;rgba(42,46,64,0)&#8221; background_enable_image=&#8221;off&#8221; custom_padding=&#8221;||||true|true&#8221; custom_padding_tablet=&#8221;30px|30px|30px|30px|true|true&#8221; custom_padding_phone=&#8221;|||&#8221; custom_padding_last_edited=&#8221;off|desktop&#8221; global_colors_info=&#8221;{}&#8221; padding_phone=&#8221;|||&#8221; padding_tablet=&#8221;30px|30px|30px|30px|true|true&#8221; padding_last_edited=&#8221;on|phone&#8221; custom_padding__hover=&#8221;|||&#8221;][et_pb_blurb title=&#8221;SUBJECTS&#8221; content_max_width=&#8221;895px&#8221; _builder_version=&#8221;4.19.5&#8243; _module_preset=&#8221;default&#8221; header_level=&#8221;h1&#8243; header_font=&#8221;|700|||||||&#8221; header_text_align=&#8221;left&#8221; header_text_color=&#8221;#FFFFFF&#8221; header_font_size=&#8221;16px&#8221; header_line_height=&#8221;3em&#8221; background_image=&#8221;https:\/\/learneurope.eu\/wp-content\/uploads\/2023\/02\/cabecera_temas.png&#8221; min_height=&#8221;200px&#8221; custom_padding=&#8221;60px||||false|false&#8221; custom_padding_tablet=&#8221;60px||||false|false&#8221; custom_padding_phone=&#8221;60px||||false|false&#8221; custom_padding_last_edited=&#8221;on|desktop&#8221; header_font_size_tablet=&#8221;16px&#8221; header_font_size_phone=&#8221;16px&#8221; header_font_size_last_edited=&#8221;on|desktop&#8221; global_colors_info=&#8221;{}&#8221;][\/et_pb_blurb][\/et_pb_column][\/et_pb_row][et_pb_row column_structure=&#8221;3_5,2_5&#8243; _builder_version=&#8221;4.19.5&#8243; _module_preset=&#8221;default&#8221; global_colors_info=&#8221;{}&#8221;][et_pb_column type=&#8221;3_5&#8243; _builder_version=&#8221;4.19.5&#8243; _module_preset=&#8221;default&#8221; global_colors_info=&#8221;{}&#8221;][et_pb_text _builder_version=&#8221;4.20.2&#8243; _module_preset=&#8221;default&#8221; global_colors_info=&#8221;{}&#8221;]<\/p>\n<h2>POL\u00cdTICA EUROPEA DE VECINDAD<\/h2>\n<p><a class=\"area\" href=\"#\">GEOGRAF\u00cdA<\/a><\/p>\n<div class=\"contenidos_tema\">\n<ul>\n<li>\n<h3>Objetivos espec\u00edficos y competencias<\/h3>\n<div class=\"objetivos_tema\">\n<ul>\n<li>Saber c\u00f3mo estructura la UE sus relaciones con sus vecinos m\u00e1s pr\u00f3ximos.<\/li>\n<li>Descubrir los proyectos o \u00e1mbitos de inter\u00e9s en los que se basan este tipo de asociaciones.<\/li>\n<\/ul>\n<\/div>\n<h3>Contenido<\/h3>\n<div class=\"contenidos_tema\">\n<ul>\n<li>En<strong><span>\u00a0<\/span>Pol\u00edtica Europea de Vecindad (PEV)<\/strong><span>\u00a0<\/span>se origin\u00f3 en el contexto de la ampliaci\u00f3n de 2004. El objetivo de esta pol\u00edtica era orientar las relaciones entre la UE y sus nuevos vecinos.<\/li>\n<li>Esta pol\u00edtica se plasma en la firma de acuerdos que pretenden establecer relaciones privilegiadas con los pa\u00edses que comparten fronteras con la UE. Estos acuerdos abarcan temas como los derechos humanos, la democracia, el Estado de Derecho, la buena gobernanza, las redes de transporte, la energ\u00eda, los principios de la econom\u00eda de mercado y el desarrollo sostenible.<\/li>\n<li>La aplicaci\u00f3n de estos acuerdos se financia a trav\u00e9s del<span>\u00a0<\/span><a href=\"http:\/\/ec.europa.eu\/regional_policy\/glossary\/enpi_en.cfm\" target=\"_blank\" rel=\"noopener\">Instrumento Europeo de Vecindad y Asociaci\u00f3n<\/a><span>\u00a0<\/span>(IEVA).<\/li>\n<li>M\u00e1s tarde, en 2008, se debati\u00f3 la posibilidad de ampliar esta pol\u00edtica al sur del Mediterr\u00e1neo mediante la puesta en marcha de la iniciativa<span>\u00a0<\/span><a href=\"http:\/\/ufmsecretariat.org\/\" target=\"_blank\" rel=\"noopener\">Uni\u00f3n por el Mediterr\u00e1neo<\/a>. Esta iniciativa fue el resultado final de lo que se conoci\u00f3 popularmente como la<span>\u00a0<\/span><a href=\"http:\/\/europa.eu\/legislation_summaries\/external_relations\/relations_with_third_countries\/mediterranean_partner_countries\/r15001_en.htm\" target=\"_blank\" rel=\"noopener\">Declaraci\u00f3n de Barcelona<\/a>\u00a0(que fue promovido por la UE en 1995 y tambi\u00e9n por 12 pa\u00edses del sur del Mediterr\u00e1neo).<\/li>\n<li>Las iniciativas multilaterales asociadas que pretend\u00edan fomentar la cooperaci\u00f3n regional en el marco de la PEV fueron:<strong class=\"Standard\"><\/strong>\n<ul>\n<li><strong class=\"Standard\">La Asociaci\u00f3n Oriental:<\/strong><span>\u00a0<\/span>Armenia, Azerbaiy\u00e1n, Bielorrusia, Georgia, Moldavia y Ucrania.<strong class=\"Standard\"><\/strong><\/li>\n<li><strong class=\"Standard\">La Uni\u00f3n por el Mediterr\u00e1neo:<\/strong><span>\u00a0<\/span>Albania, Argelia, Bosnia y Herzegovina, Croacia, Egipto, Israel, Jordania, Libia, L\u00edbano, Marruecos, Mauritania, M\u00f3naco, Montenegro, la Autoridad Palestina, Siria, T\u00fanez y Turqu\u00eda.<\/li>\n<li><strong>La sinergia del Mar Negro:<\/strong><span>\u00a0<\/span>Armenia, Azerbaiy\u00e1n, Georgia, Moldavia, Rusia, Turqu\u00eda y Ucrania.<\/li>\n<\/ul>\n<\/li>\n<li>La UE ofrece apoyo t\u00e9cnico para ayudar a alcanzar los objetivos establecidos en estos acuerdos de cooperaci\u00f3n.<\/li>\n<li>Sin embargo, incluso en algunos de los pa\u00edses objetivo, los esfuerzos de la UE por avanzar con la PEV han sufrido reveses debido a cuestiones relacionadas con los derechos humanos.<\/li>\n<\/ul>\n<\/div>\n<\/li>\n<\/ul>\n<\/div>\n<p>[\/et_pb_text][et_pb_text _builder_version=&#8221;4.19.5&#8243; _module_preset=&#8221;default&#8221; border_width_all=&#8221;1px&#8221; border_color_all=&#8221;rgba(175,206,51,0.51)&#8221; global_colors_info=&#8221;{}&#8221;]<\/p>\n<h3 id=\"debates\"><img loading=\"lazy\" decoding=\"async\" class=\"wp-image-216 alignnone\" src=\"https:\/\/learneurope.eu\/wp-content\/uploads\/2023\/02\/debateGD-1.png\" alt=\"\" width=\"42\" height=\"42\" \/> <strong>Debates<\/strong><\/h3>\n<p style=\"padding-left: 40px;\">Basado en el texto<span>\u00a0<\/span>Una alternativa posible: la verdad<span>\u00a0<\/span>(es)<\/p>\n<div class=\"indent\">\n<p style=\"padding-left: 40px;\">Debatir si la PEV podr\u00eda servir de alternativa a la adhesi\u00f3n de Turqu\u00eda a la UE<\/p>\n<\/div>\n<p>[\/et_pb_text][\/et_pb_column][et_pb_column type=&#8221;2_5&#8243; _builder_version=&#8221;4.19.5&#8243; _module_preset=&#8221;default&#8221; global_colors_info=&#8221;{}&#8221;][et_pb_text _builder_version=&#8221;4.20.2&#8243; _module_preset=&#8221;default&#8221; border_width_all=&#8221;1px&#8221; border_color_all=&#8221;rgba(175,206,51,0.51)&#8221; global_colors_info=&#8221;{}&#8221;]<\/p>\n<h3 id=\"debates\"><img loading=\"lazy\" decoding=\"async\" class=\"alignnone wp-image-217\" src=\"https:\/\/learneurope.eu\/wp-content\/uploads\/2023\/02\/DocumentosGD-1.png\" alt=\"\" width=\"42\" height=\"42\" \/> <strong>Documentos<\/strong><\/h3>\n<p style=\"padding-left: 40px;\"><span class=\"age\"><span style=\"color: #99cc00;\"><strong>&gt;15<\/strong><\/span>\u00a0 <\/span><a title=\"Los_limites_de_Europa.pdf\" target=\"_blank\" rel=\"noopener\">Los l\u00edmites de Europa<\/a><span>\u00a0<\/span>(es)<\/p>\n<p style=\"padding-left: 40px;\"><span class=\"age\"><span style=\"color: #99cc00;\"><strong>&gt;15<\/strong><\/span>\u00a0 <\/span><a title=\"La_sinergia_del_Mar_Negro_es.pdf\" target=\"_blank\" rel=\"noopener\">La sinergia del Mar Negro<\/a><span>\u00a0<\/span>(es)<\/p>\n<p style=\"padding-left: 40px;\"><span class=\"age\"><span style=\"color: #99cc00;\"><strong>&gt;15<\/strong><\/span>\u00a0 <\/span><a title=\"La_UE_como_centro_de_intercambio_continental_es.pdf\" target=\"_blank\" rel=\"noopener\">La UE como centro de intercambios internacionales: maximizar la capacidad de atracci\u00f3n<\/a><span>\u00a0<\/span>(es)<\/p>\n<p style=\"padding-left: 40px;\"><span class=\"age\"><span style=\"color: #99cc00;\"><strong>&gt;15<\/strong><\/span>\u00a0 <\/span><a title=\"ENP_strategy_paper_EC_en.pdf\" target=\"_blank\" rel=\"noopener\">Documento estrat\u00e9gico de la Comisi\u00f3n Europea sobre la PEV<\/a>\u00a0(en)<\/p>\n<p style=\"padding-left: 40px;\"><span class=\"age\"><span style=\"color: #99cc00;\"><strong>&gt;15<\/strong><\/span>\u00a0 <\/span><a title=\"El_Proceso_de_Barcelona.pdf\" target=\"_blank\" rel=\"noopener\">El origen de la Uni\u00f3n por el Mediterr\u00e1neo: el proceso de Barcelona<\/a><span>\u00a0<\/span>(es)<\/p>\n<p>[\/et_pb_text][et_pb_text _builder_version=&#8221;4.20.2&#8243; _module_preset=&#8221;default&#8221; border_width_all=&#8221;1px&#8221; border_color_all=&#8221;rgba(175,206,51,0.51)&#8221; global_colors_info=&#8221;{}&#8221;]<\/p>\n<h3 id=\"debates\"><img loading=\"lazy\" decoding=\"async\" src=\"https:\/\/learneurope.eu\/wp-content\/uploads\/2023\/02\/MapasGD-1.png\" width=\"42\" height=\"42\" alt=\"\" class=\"wp-image-222 alignnone size-full\" \/> <strong>Mapas<\/strong><\/h3>\n<p style=\"padding-left: 40px;\"><span class=\"age\"><span style=\"color: #99cc00;\"><strong>&gt;15<\/strong><\/span>\u00a0 <\/span><a href=\"https:\/\/learneurope.eu\/wp-content\/uploads\/2023\/03\/Initiatives_for_cooperation_within_the_framework_of_the_ENP_en-scaled.jpg\" target=\"_blank\" rel=\"noopener\">Iniciativa de cooperaci\u00f3n en el marco de la PEV<\/a><span>\u00a0<\/span>(en, es)<\/p>\n<p>[\/et_pb_text][et_pb_text _builder_version=&#8221;4.20.2&#8243; _module_preset=&#8221;default&#8221; border_width_all=&#8221;1px&#8221; border_color_all=&#8221;rgba(175,206,51,0.51)&#8221; global_colors_info=&#8221;{}&#8221;]<\/p>\n<h3 id=\"debates\"><img loading=\"lazy\" decoding=\"async\" class=\"alignnone wp-image-223\" src=\"https:\/\/learneurope.eu\/wp-content\/uploads\/2023\/02\/VdeosGD-1.png\" alt=\"\" width=\"42\" height=\"42\" \/> <strong>V\u00eddeos<\/strong><\/h3>\n<p style=\"padding-left: 40px;\"><span class=\"age\">&gt;15\u00a0 <\/span><a href=\"http:\/\/www.youtube.com\/user\/ENPIvideo?feature=watch\" target=\"_blank\" rel=\"noopener\">Canal Youtube sobre la PEV<\/a><\/p>\n<p style=\"padding-left: 40px;\"><span class=\"age\">&gt;15\u00a0 <\/span><a href=\"http:\/\/www.youtube.com\/watch?v=vYZpV7F8r0s&amp;list=PL0D5D781B0903C045\" target=\"_blank\" rel=\"noopener\">Europa tiene sentimientos encontrados sobre la Asociaci\u00f3n Oriental<\/a><span>\u00a0<\/span>(en, 2'31\")<\/p>\n<p style=\"padding-left: 40px;\"><span class=\"age\">&gt;15 \u00a0<\/span><a href=\"http:\/\/www.youtube.com\/watch?v=ovT2GlYyp0Q\" target=\"_blank\" rel=\"noopener\">5 a\u00f1os de la PEV<\/a><span>\u00a0<\/span>(en, 2'50'')<\/p>\n<p style=\"padding-left: 40px;\"><span class=\"age\">&gt;15\u00a0 <\/span><a href=\"http:\/\/www.youtube.com\/watch?v=Aqwf0Y8PBfU\" target=\"_blank\" rel=\"noopener\">Euronews, negociaciones entre Ucrania y la UE<\/a><span>\u00a0<\/span>(es, 1'09'')<\/p>\n<p>[\/et_pb_text][et_pb_text _builder_version=&#8221;4.20.2&#8243; _module_preset=&#8221;default&#8221; border_width_all=&#8221;1px&#8221; border_color_all=&#8221;rgba(175,206,51,0.51)&#8221; global_colors_info=&#8221;{}&#8221;]<\/p>\n<h3 id=\"debates\"><img loading=\"lazy\" decoding=\"async\" src=\"https:\/\/learneurope.eu\/wp-content\/uploads\/2023\/02\/Imgenes_fotografasGD-1.png\" width=\"42\" height=\"42\" alt=\"\" class=\"wp-image-220 alignnone size-full\" \/>Im\u00e1genes<\/h3>\n<p style=\"padding-left: 40px;\"><span class=\"age\"><span style=\"color: #99cc00;\"><strong>&gt;15<\/strong><\/span>\u00a0 <\/span><a title=\"Ceremonia_inaugural_UpM.jpg\" href=\"https:\/\/learneurope.eu\/wp-content\/uploads\/2023\/03\/Ceremonia_inaugural_UpM.jpg\" target=\"_blank\" rel=\"noopener\">Ceremonia de inauguraci\u00f3n UPM<\/a><span>\u00a0<\/span>(\u00a9 UPM, 2013)<\/p>\n<p style=\"padding-left: 40px;\"><span class=\"age\"><span style=\"color: #99cc00;\"><strong>\u00a0<\/strong><\/span><\/span><\/p>\n<p>[\/et_pb_text][et_pb_text _builder_version=&#8221;4.20.2&#8243; _module_preset=&#8221;default&#8221; border_width_all=&#8221;1px&#8221; border_color_all=&#8221;rgba(175,206,51,0.51)&#8221; global_colors_info=&#8221;{}&#8221;]<\/p>\n<h3 id=\"debates\"><img loading=\"lazy\" decoding=\"async\" class=\"alignnone wp-image-218\" src=\"https:\/\/learneurope.eu\/wp-content\/uploads\/2023\/02\/Enlaces-externosGD-1.png\" alt=\"\" width=\"42\" height=\"42\" \/> <strong>Enlace externo<\/strong><\/h3>\n<p style=\"padding-left: 40px;\"><span class=\"age\"><span style=\"color: #99cc00;\"><strong>&gt;15<\/strong><\/span>\u00a0 <\/span><a href=\"http:\/\/ufmsecretariat.org\/\" target=\"_blank\" rel=\"noopener\">Uni\u00f3n por el Mediterr\u00e1neo<\/a><span>\u00a0<\/span>(en)<\/p>\n<p style=\"padding-left: 40px;\"><span class=\"age\"><span style=\"color: #99cc00;\"><strong>&gt;15<\/strong><\/span>\u00a0 <\/span><a href=\"https:\/\/www.eeas.europa.eu\/eeas\/black-sea-synergy_en\" target=\"_blank\" rel=\"noopener\">La sinergia del Mar Negro<\/a><span>\u00a0<\/span>(en, ru)<\/p>\n<p style=\"padding-left: 40px;\"><span class=\"age\"><span style=\"color: #99cc00;\"><strong>&gt;15<\/strong><\/span>\u00a0 <\/span><a href=\"http:\/\/www.enpi-info.eu\/\" target=\"_blank\" rel=\"noopener\">Centro de Informaci\u00f3n de Vecindad de la UE<\/a><span>\u00a0<\/span>(en, fr, ar, ru)<\/p>\n<p style=\"padding-left: 40px;\"><span class=\"age\"><span style=\"color: #99cc00;\"><strong>&gt;15<\/strong><\/span>\u00a0 <\/span><a href=\"http:\/\/ec.europa.eu\/world\/enp\/policy_en.htm\" target=\"_blank\" rel=\"noopener\">La Web de la Comisi\u00f3n Europea sobre la PEV<\/a><span>\u00a0<\/span>(es, de, en, fr)<\/p>\n<p style=\"padding-left: 40px;\"><span class=\"age\"><span style=\"color: #99cc00;\"><strong>&gt;15<\/strong><\/span>\u00a0 <\/span><a href=\"http:\/\/www.journalismnetwork.eu\/index.php\/_en\" target=\"_blank\" rel=\"noopener\">La Web de la Red Europea de Periodismo de Vecindad<\/a><span>\u00a0<\/span>(en, fr, ru, ar)<\/p>\n<p style=\"padding-left: 40px;\"><span class=\"age\"><span style=\"color: #99cc00;\"><strong>&gt;15<\/strong><\/span>\u00a0 <\/span><a href=\"http:\/\/www.academia.edu\/2485299\/The_European_Neighbourhood_Policys_First_Decade_in_the_Eastern_Neighborhood\" target=\"_blank\" rel=\"noopener\">Primera d\u00e9cada de la PEV en la Asociaci\u00f3n Oriental<\/a><span>\u00a0<\/span>(en)<\/p>\n<p style=\"padding-left: 40px;\"><span class=\"age\"><span style=\"color: #99cc00;\">&gt;15<\/span>\u00a0 <\/span><a href=\"http:\/\/www.carnegieeurope.eu\/2013\/04\/16\/why-does-ukraine-matter-to-eu\/fzq3\" target=\"_blank\" rel=\"noopener\">\u00bfPor qu\u00e9 Ucrania es importante para la UE?<\/a><span>\u00a0<\/span>(en)<\/p>\n<p style=\"padding-left: 40px;\"><span class=\"age\"><span style=\"color: #99cc00;\"><strong>\u00a0<\/strong><\/span><\/span><\/p>\n<p>[\/et_pb_text][\/et_pb_column][\/et_pb_row][\/et_pb_section]<\/p>","protected":false},"excerpt":{"rendered":"<p>EUROPEAN NEIGHBOURHOOD POLICY GEOGRAPHY Specific Objectives and Competences To know how the EU structures its relations with its closest neighbours. To discover the projects or areas of interest on which these types of associations are based. Contents The\u00a0European Neighbourhood Policy (ENP)\u00a0originated within the context of the enlargement of 2004. The objective of this policy was [&hellip;]<\/p>","protected":false},"author":1,"featured_media":0,"comment_status":"closed","ping_status":"open","sticky":false,"template":"","format":"standard","meta":{"_et_pb_use_builder":"on","_et_pb_old_content":"","_et_gb_content_width":"","footnotes":""},"categories":[28,25,29,36,30],"tags":[],"_links":{"self":[{"href":"https:\/\/learneurope.eu\/es\/wp-json\/wp\/v2\/posts\/444"}],"collection":[{"href":"https:\/\/learneurope.eu\/es\/wp-json\/wp\/v2\/posts"}],"about":[{"href":"https:\/\/learneurope.eu\/es\/wp-json\/wp\/v2\/types\/post"}],"author":[{"embeddable":true,"href":"https:\/\/learneurope.eu\/es\/wp-json\/wp\/v2\/users\/1"}],"replies":[{"embeddable":true,"href":"https:\/\/learneurope.eu\/es\/wp-json\/wp\/v2\/comments?post=444"}],"version-history":[{"count":6,"href":"https:\/\/learneurope.eu\/es\/wp-json\/wp\/v2\/posts\/444\/revisions"}],"predecessor-version":[{"id":954,"href":"https:\/\/learneurope.eu\/es\/wp-json\/wp\/v2\/posts\/444\/revisions\/954"}],"wp:attachment":[{"href":"https:\/\/learneurope.eu\/es\/wp-json\/wp\/v2\/media?parent=444"}],"wp:term":[{"taxonomy":"category","embeddable":true,"href":"https:\/\/learneurope.eu\/es\/wp-json\/wp\/v2\/categories?post=444"},{"taxonomy":"post_tag","embeddable":true,"href":"https:\/\/learneurope.eu\/es\/wp-json\/wp\/v2\/tags?post=444"}],"curies":[{"name":"wp","href":"https:\/\/api.w.org\/{rel}","templated":true}]}}